{"id":1298,"date":"2024-03-10T12:53:32","date_gmt":"2024-03-10T10:53:32","guid":{"rendered":"https:\/\/www.ttc-halle.de\/?p=1298"},"modified":"2024-03-10T12:53:32","modified_gmt":"2024-03-10T10:53:32","slug":"02-03-2024-para-tischtennis-regionalliga-sued-ost","status":"publish","type":"post","link":"https:\/\/www.ttc-halle.de\/?p=1298","title":{"rendered":"02.03.2024 &#8211; Para-Tischtennis Regionalliga S\u00fcd-Ost"},"content":{"rendered":"\n<p>Am 02.03.2024 fanden die Mannschafts-Meisterschaften im Para-Tischtennis in der Regional-Liga S\u00fcd-Ost in Bayreuth statt.<\/p>\n\n\n\n<!--more-->\n\n\n\n<p>Veranstalter war der Deutsche Rollstuhl Sportverband Fachbereich Tischtennis.<br>Ausrichter war der RSV Bayreuth 1994 e.V. vertreten durch die Abteilungsleiterin Bianka Neubig im Therapiezentrum des Krankenhauses Hohe Warte.<br>Es trafen sich der:<br>RSV Bayreuth 4<br>SGV Dresden 1<br>SGV Dresden 2<br>RSG Plattling 2<br>TTC Halle 1 und<br>TTC Halle 2<br>Die Wettk\u00e4mpfe waren gepr\u00e4gt von einer fairen und freundschaftlichen Atmosph\u00e4re, die jederzeit die Turnierleitung Sabine Gottschalk im Griff hatte. Durch eine straffe Organisation wurde der Zeitplan eingehalten. Gespielt wurde nach den Regeln der Internationalen Tischtennis F\u00f6deration (ITTF).<br>Erwartungsgem\u00e4\u00df gewannen die Favoriten RSV Bayreuth alle Spiele souver\u00e4n mit 10:0 Punkten, gefolgt von SGV Dresden 1 mit 8:2, TTC Halle 1 mit 6:4, RSG Plattling 2 mit 4:6, SGV Dresden 2 (krankheitsbedingt geschw\u00e4cht) mit 2:8 und TTC Halle 2 (krankheitsbedingt geschw\u00e4cht) mit 0:10. Sehr spannende und knappe Spiele lockten sogar auch viele Besucher an. F\u00fcr das leibliche Wohl war an einem sehr reichhaltigen und guten Buffet gesorgt. Die meisten Spieler kannten sich und so wurde es zu einem gro\u00dfen Familientreffen. Ein Fotograf hielt die wichtigsten Momente fest. Alle freuen sich auf die n\u00e4chste Runde in der Regionalliga und weitere deutschlandweite Pokal-Spiele. Ein \u00e4u\u00dferst gelungenes Fest der Inklusion von benachteiligten Menschen in unsere Welt.<\/p>\n\n\n\n<figure class=\"wp-block-image size-large\"><a href=\"http:\/\/www.ttc-halle.de\/wp-content\/uploads\/2024\/03\/2024-03-02-Regionalliga.jpg\"><img loading=\"lazy\" decoding=\"async\" width=\"1024\" height=\"768\" src=\"http:\/\/www.ttc-halle.de\/wp-content\/uploads\/2024\/03\/2024-03-02-Regionalliga-1024x768.jpg\" alt=\"v.l.n.r.: Egbert Gaudigs, Andreas Pohlink (beide TTC Halle 2), Bianka Neubig, Andreas Krei\u00dfig (beide RSV Baureuth 4)\" class=\"wp-image-1297\" srcset=\"https:\/\/www.ttc-halle.de\/wp-content\/uploads\/2024\/03\/2024-03-02-Regionalliga-1024x768.jpg 1024w, https:\/\/www.ttc-halle.de\/wp-content\/uploads\/2024\/03\/2024-03-02-Regionalliga-300x225.jpg 300w, https:\/\/www.ttc-halle.de\/wp-content\/uploads\/2024\/03\/2024-03-02-Regionalliga-768x576.jpg 768w, https:\/\/www.ttc-halle.de\/wp-content\/uploads\/2024\/03\/2024-03-02-Regionalliga.jpg 1038w\" sizes=\"auto, (max-width: 1024px) 100vw, 1024px\" \/><\/a><figcaption class=\"wp-element-caption\">v.l.n.r.: Egbert Gaudigs, Andreas Pohlink (beide TTC Halle 2), Bianka Neubig, Andreas Krei\u00dfig (beide RSV Baureuth 4)<\/figcaption><\/figure>\n","protected":false},"excerpt":{"rendered":"<p>Am 02.03.2024 fanden die Mannschafts-Meisterschaften im Para-Tischtennis in der Regional-Liga S\u00fcd-Ost in Bayreuth statt.<\/p>\n","protected":false},"author":6,"featured_media":0,"comment_status":"open","ping_status":"open","sticky":false,"template":"","format":"standard","meta":{"jetpack_post_was_ever_published":false,"_jetpack_newsletter_access":"","_jetpack_dont_email_post_to_subs":false,"_jetpack_newsletter_tier_id":0,"_jetpack_memberships_contains_paywalled_content":false,"_jetpack_memberships_contains_paid_content":false,"footnotes":"","jetpack_publicize_message":"","jetpack_publicize_feature_enabled":true,"jetpack_social_post_already_shared":true,"jetpack_social_options":{"image_generator_settings":{"template":"highway","default_image_id":0,"font":"","enabled":false},"version":2}},"categories":[1],"tags":[],"class_list":["post-1298","post","type-post","status-publish","format-standard","hentry","category-allgemein"],"jetpack_publicize_connections":[],"jetpack_featured_media_url":"","jetpack_sharing_enabled":true,"jetpack_shortlink":"https:\/\/wp.me\/p7ABBA-kW","_links":{"self":[{"href":"https:\/\/www.ttc-halle.de\/index.php?rest_route=\/wp\/v2\/posts\/1298","targetHints":{"allow":["GET"]}}],"collection":[{"href":"https:\/\/www.ttc-halle.de\/index.php?rest_route=\/wp\/v2\/posts"}],"about":[{"href":"https:\/\/www.ttc-halle.de\/index.php?rest_route=\/wp\/v2\/types\/post"}],"author":[{"embeddable":true,"href":"https:\/\/www.ttc-halle.de\/index.php?rest_route=\/wp\/v2\/users\/6"}],"replies":[{"embeddable":true,"href":"https:\/\/www.ttc-halle.de\/index.php?rest_route=%2Fwp%2Fv2%2Fcomments&post=1298"}],"version-history":[{"count":2,"href":"https:\/\/www.ttc-halle.de\/index.php?rest_route=\/wp\/v2\/posts\/1298\/revisions"}],"predecessor-version":[{"id":1300,"href":"https:\/\/www.ttc-halle.de\/index.php?rest_route=\/wp\/v2\/posts\/1298\/revisions\/1300"}],"wp:attachment":[{"href":"https:\/\/www.ttc-halle.de\/index.php?rest_route=%2Fwp%2Fv2%2Fmedia&parent=1298"}],"wp:term":[{"taxonomy":"category","embeddable":true,"href":"https:\/\/www.ttc-halle.de\/index.php?rest_route=%2Fwp%2Fv2%2Fcategories&post=1298"},{"taxonomy":"post_tag","embeddable":true,"href":"https:\/\/www.ttc-halle.de\/index.php?rest_route=%2Fwp%2Fv2%2Ftags&post=1298"}],"curies":[{"name":"wp","href":"https:\/\/api.w.org\/{rel}","templated":true}]}}