{"id":607,"date":"2014-04-15T07:30:17","date_gmt":"2014-04-15T05:30:17","guid":{"rendered":"http:\/\/www.ttc-halle.de\/?p=607"},"modified":"2014-12-11T15:12:08","modified_gmt":"2014-12-11T13:12:08","slug":"607","status":"publish","type":"post","link":"https:\/\/www.ttc-halle.de\/?p=607","title":{"rendered":"unser langj\u00e4hriges Mitglied Joachim Rei\u00dfmann ist verstorben"},"content":{"rendered":"<p>liebe Sportfreunde,<\/p>\n<p>in der Rundmail von Andreas habt ihr schon die traurige Nachricht erhalten, dass Joachim Rei\u00dfmann letzte Woche\u00a0 &#8211; kurz vor der Vollendung seines 90ten Lebensjahres &#8211; verstorben ist.<!--more--><\/p>\n<p>Solche traurigen Anl\u00e4sse sind auch immer der Ansto\u00df noch mal zur\u00fcck zu blicken und an die sch\u00f6nen gemeinsamen Momente zu denken.<\/p>\n<p>Obwohl er die letzten Jahre seines sportlichen Wirkens nicht mehr in unserem Verein verbrachte, wollen wir nicht die vielen Jahre vergessen, die er das Gesicht von Dynamo Halle-Mitte ma\u00dfgeblich mitgepr\u00e4gt hat.<\/p>\n<p>Der fr\u00fchere Stabhoschspringer hatte als vielseitig talentierter Sportler auch Gefallen am Tischtennis gefunden und trainierte anfangs bei Lok Halle.\u00a0\u00a0\u00a0\u00a0\u00a0\u00a0\u00a0\u00a0\u00a0\u00a0\u00a0\u00a0\u00a0\u00a0\u00a0\u00a0\u00a0\u00a0\u00a0\u00a0\u00a0\u00a0\u00a0\u00a0\u00a0\u00a0\u00a0\u00a0\u00a0\u00a0\u00a0\u00a0\u00a0\u00a0\u00a0\u00a0\u00a0\u00a0\u00a0\u00a0\u00a0\u00a0\u00a0\u00a0\u00a0\u00a0\u00a0\u00a0\u00a0\u00a0\u00a0\u00a0\u00a0\u00a0\u00a0 Ca. 1956 wechselte er von dort zu Wissenschaft Halle.\u00a0 Die junge aufstrebende Sektion Tischtennis spielte schon bald mit Leuten wie Finger, Projan in der h\u00f6chsten Spielklasse der DDR, der Oberliga.\u00a0 Dort traf man auf namhafte Gegner der DDR Spitzenklubs wie Motor Jena (fr\u00fcher und sp\u00e4ter dann wieder &#8222;Carl-Zeiss&#8220;) mit Hanschmann (mehrfacher DDR Meister) und Reimann &#8211; aber auch die M\u00fchlh\u00e4user Gegner, wie dem unvergessenen Heinz Schneider.<\/p>\n<p>1967 schaffte Dynamo Halle-Mitte den Aufstieg in die Oberliga und stellte einen attraktiven Verein in Halle dar.\u00a0 Etwa in dieser Zeit wechselte Achim Rei\u00dfmann zu uns und machte sich unter anderem als \u00dcbungsleiter in der h\u00f6chsten Trainingsgruppe verdient.\u00a0\u00a0 Ehrenamtlich hielt er Lehrg\u00e4nge f\u00fcr Trainer und \u00dcbungsleiter &#8211; ich selbst nahm damals daran teil.<\/p>\n<p>Zitat &#8222;Achim Rei\u00dfmann in einer Lehrstunde&#8220;:\u00a0 &#8220; Ein Abwehrball ist f\u00fcr den offensiven Topspin Spieler Zucker &#8211; denn er dreht sich schon in die richtige Richtung&#8220;<\/p>\n<p>Geachtet blieb Achim jederzeit durch seine Sachkenntnis, sein bis ins hohe Alter routiniertes offensives Spiel und sein souver\u00e4nes Auftreten.<\/p>\n<p>Nie werde ich die sch\u00f6nen Jahre in der Jugend-Spielzeit vergessen, in denen es quasi ein &#8222;Geheimtipp&#8220; unter uns war, in die Eisdiele der Leipziger Str. zu gehen und bei &#8222;Rei\u00dfmanns&#8220; sich ein kostenloses Eis abzuholen.\u00a0\u00a0 \u00a0\u00a0\u00a0\u00a0\u00a0\u00a0\u00a0\u00a0\u00a0\u00a0\u00a0\u00a0\u00a0\u00a0\u00a0\u00a0\u00a0\u00a0\u00a0\u00a0\u00a0\u00a0\u00a0\u00a0\u00a0\u00a0\u00a0\u00a0\u00a0\u00a0\u00a0\u00a0\u00a0\u00a0\u00a0\u00a0\u00a0\u00a0\u00a0\u00a0\u00a0\u00a0\u00a0\u00a0\u00a0\u00a0\u00a0\u00a0\u00a0\u00a0\u00a0\u00a0\u00a0\u00a0\u00a0\u00a0\u00a0\u00a0\u00a0\u00a0\u00a0\u00a0\u00a0 (dazu durfte man sich sogar vordr\u00e4ngeln)\u00a0\u00a0\u00a0\u00a0\u00a0\u00a0\u00a0\u00a0\u00a0\u00a0\u00a0\u00a0\u00a0\u00a0\u00a0\u00a0\u00a0\u00a0\u00a0\u00a0\u00a0\u00a0\u00a0\u00a0\u00a0\u00a0\u00a0\u00a0\u00a0\u00a0\u00a0\u00a0\u00a0\u00a0\u00a0\u00a0\u00a0\u00a0\u00a0\u00a0\u00a0\u00a0\u00a0\u00a0\u00a0\u00a0\u00a0\u00a0\u00a0\u00a0\u00a0\u00a0\u00a0\u00a0\u00a0\u00a0\u00a0\u00a0\u00a0\u00a0\u00a0\u00a0\u00a0\u00a0\u00a0\u00a0\u00a0\u00a0\u00a0\u00a0\u00a0\u00a0\u00a0\u00a0\u00a0\u00a0\u00a0\u00a0\u00a0\u00a0\u00a0\u00a0\u00a0\u00a0 Zu unserer Jugendzeit war es durchaus \u00fcblich auch \u00e4ltere Sportfreunde zu &#8222;Duzen&#8220;&#8230;\u00a0\u00a0 Falko Woschee nahm mich mal beiseite und sagte mir:\u00a0\u00a0\u00a0\u00a0\u00a0\u00a0\u00a0\u00a0\u00a0\u00a0\u00a0\u00a0\u00a0\u00a0\u00a0\u00a0\u00a0\u00a0\u00a0\u00a0\u00a0\u00a0\u00a0\u00a0\u00a0\u00a0\u00a0\u00a0\u00a0\u00a0\u00a0\u00a0\u00a0\u00a0\u00a0\u00a0\u00a0\u00a0\u00a0\u00a0\u00a0\u00a0\u00a0\u00a0\u00a0\u00a0\u00a0\u00a0\u00a0\u00a0\u00a0\u00a0\u00a0\u00a0\u00a0\u00a0\u00a0\u00a0\u00a0\u00a0 &#8222;Du muss nicht &#8218;Sie&#8216; sagen &#8211; man sagt Sptfrd. + Nachname &#8211; und &#8222;Du&#8220;.\u00a0\u00a0\u00a0\u00a0\u00a0\u00a0\u00a0\u00a0\u00a0\u00a0\u00a0\u00a0\u00a0\u00a0\u00a0\u00a0\u00a0\u00a0\u00a0\u00a0\u00a0 Schlie\u00dflich betreiben wir alle den gleichen Sport.&#8220;<\/p>\n<p>So hatte ich doch vor Achim Rei\u00dfmann immer den gewissen Respekt der gef\u00fchlten\u00a0 &#8222;grauen Eminenz&#8220; und war beim &#8218;Sie&#8216; verblieben. Auch noch, als ich es schon als Jugendspieler bis in seine Mannschaft geschafft hatte.\u00a0\u00a0\u00a0\u00a0\u00a0\u00a0\u00a0\u00a0\u00a0\u00a0\u00a0\u00a0\u00a0\u00a0\u00a0\u00a0\u00a0\u00a0\u00a0\u00a0\u00a0\u00a0\u00a0\u00a0\u00a0\u00a0\u00a0\u00a0\u00a0\u00a0\u00a0\u00a0\u00a0\u00a0\u00a0\u00a0\u00a0\u00a0\u00a0\u00a0\u00a0\u00a0\u00a0\u00a0\u00a0\u00a0\u00a0\u00a0\u00a0\u00a0\u00a0 (Dynamo hatte damals bis zu 8 Herrenmannschaften!)\u00a0\u00a0\u00a0\u00a0\u00a0\u00a0\u00a0\u00a0\u00a0\u00a0\u00a0\u00a0\u00a0\u00a0\u00a0\u00a0\u00a0\u00a0\u00a0\u00a0\u00a0\u00a0\u00a0\u00a0\u00a0\u00a0\u00a0\u00a0\u00a0\u00a0\u00a0\u00a0\u00a0\u00a0\u00a0\u00a0\u00a0\u00a0\u00a0\u00a0\u00a0\u00a0\u00a0\u00a0\u00a0\u00a0\u00a0 Unvergessen dann der Moment, als Achim bei einem unserer Vereinsvergn\u00fcgen mich aufforderte mit ihm an die Bar zu kommen, um mir bei einem Bier das &#8222;Du&#8220; anzubieten.<\/p>\n<p>Wir alle (die \u00c4lteren) haben mehr oder weniger Ber\u00fchrungspunkte mit Achim gehabt und werden ihn nicht vergessen.\u00a0\u00a0\u00a0\u00a0\u00a0\u00a0\u00a0\u00a0\u00a0\u00a0\u00a0\u00a0\u00a0\u00a0\u00a0\u00a0\u00a0\u00a0\u00a0\u00a0\u00a0\u00a0\u00a0\u00a0\u00a0\u00a0\u00a0\u00a0\u00a0\u00a0\u00a0\u00a0\u00a0\u00a0\u00a0\u00a0\u00a0\u00a0\u00a0\u00a0\u00a0\u00a0\u00a0\u00a0\u00a0\u00a0\u00a0\u00a0\u00a0\u00a0\u00a0\u00a0\u00a0\u00a0\u00a0\u00a0\u00a0\u00a0\u00a0\u00a0\u00a0\u00a0\u00a0\u00a0\u00a0\u00a0\u00a0\u00a0\u00a0\u00a0\u00a0\u00a0\u00a0\u00a0\u00a0\u00a0\u00a0\u00a0\u00a0\u00a0\u00a0\u00a0\u00a0\u00a0\u00a0\u00a0\u00a0\u00a0\u00a0\u00a0\u00a0\u00a0\u00a0\u00a0\u00a0\u00a0\u00a0\u00a0\u00a0\u00a0\u00a0\u00a0\u00a0\u00a0\u00a0\u00a0\u00a0\u00a0\u00a0\u00a0\u00a0 &#8230;<\/p>\n<p>Viele Sportfreunde haben mich mit Bildern und Informationen unterst\u00fctzt &#8230;\u00a0\u00a0\u00a0\u00a0\u00a0\u00a0\u00a0\u00a0\u00a0\u00a0\u00a0\u00a0\u00a0\u00a0\u00a0\u00a0\u00a0\u00a0\u00a0 Danke an: Falko Woschee, Horst Falkner, Micky Botur, Rainer G\u00f6ring, Andreas Pohlink<\/p>\n<div id=\"attachment_613\" style=\"width: 307px\" class=\"wp-caption alignnone\"><a href=\"http:\/\/www.ttc-halle.de\/wp-content\/uploads\/2014\/04\/SchwaebleinFingerWoscheeReissmannRetuschiertScharf.jpg\"><img loading=\"lazy\" decoding=\"async\" aria-describedby=\"caption-attachment-613\" class=\" wp-image-613\" src=\"http:\/\/www.ttc-halle.de\/wp-content\/uploads\/2014\/04\/SchwaebleinFingerWoscheeReissmannRetuschiertScharf-300x175.jpg\" alt=\"Schwaeblein Finger Woschee Reissmann\" width=\"297\" height=\"172\" srcset=\"https:\/\/www.ttc-halle.de\/wp-content\/uploads\/2014\/04\/SchwaebleinFingerWoscheeReissmannRetuschiertScharf-300x175.jpg 300w, https:\/\/www.ttc-halle.de\/wp-content\/uploads\/2014\/04\/SchwaebleinFingerWoscheeReissmannRetuschiertScharf.jpg 670w\" sizes=\"auto, (max-width: 297px) 100vw, 297px\" \/><\/a><p id=\"caption-attachment-613\" class=\"wp-caption-text\">1962 Schw\u00e4blein Finger Woschee Reissmann<\/p><\/div>\n<div id=\"attachment_627\" style=\"width: 213px\" class=\"wp-caption alignnone\"><a href=\"http:\/\/www.ttc-halle.de\/wp-content\/uploads\/2014\/04\/Reissmann2.jpg\"><img loading=\"lazy\" decoding=\"async\" aria-describedby=\"caption-attachment-627\" class=\"size-medium wp-image-627\" src=\"http:\/\/www.ttc-halle.de\/wp-content\/uploads\/2014\/04\/Reissmann2-203x300.jpg\" alt=\"Achim in Aktion\" width=\"203\" height=\"300\" srcset=\"https:\/\/www.ttc-halle.de\/wp-content\/uploads\/2014\/04\/Reissmann2-203x300.jpg 203w, https:\/\/www.ttc-halle.de\/wp-content\/uploads\/2014\/04\/Reissmann2.jpg 396w\" sizes=\"auto, (max-width: 203px) 100vw, 203px\" \/><\/a><p id=\"caption-attachment-627\" class=\"wp-caption-text\">Achim in Aktion<\/p><\/div>\n<div id=\"attachment_611\" style=\"width: 310px\" class=\"wp-caption alignnone\"><a href=\"http:\/\/www.ttc-halle.de\/wp-content\/uploads\/2014\/04\/1978_FreundschaftsspielKralupy2.jpg\"><img loading=\"lazy\" decoding=\"async\" aria-describedby=\"caption-attachment-611\" class=\"size-medium wp-image-611\" src=\"http:\/\/www.ttc-halle.de\/wp-content\/uploads\/2014\/04\/1978_FreundschaftsspielKralupy2-300x209.jpg\" alt=\"Kralupy 1978\" width=\"300\" height=\"209\" srcset=\"https:\/\/www.ttc-halle.de\/wp-content\/uploads\/2014\/04\/1978_FreundschaftsspielKralupy2-300x209.jpg 300w, https:\/\/www.ttc-halle.de\/wp-content\/uploads\/2014\/04\/1978_FreundschaftsspielKralupy2-1024x714.jpg 1024w, https:\/\/www.ttc-halle.de\/wp-content\/uploads\/2014\/04\/1978_FreundschaftsspielKralupy2.jpg 1260w\" sizes=\"auto, (max-width: 300px) 100vw, 300px\" \/><\/a><p id=\"caption-attachment-611\" class=\"wp-caption-text\">1978 Freundschaftsspiel gegen Kralupy in Halle<\/p><\/div>\n<div id=\"attachment_614\" style=\"width: 310px\" class=\"wp-caption alignnone\"><a href=\"http:\/\/www.ttc-halle.de\/wp-content\/uploads\/2014\/04\/Scannen0001Ausschnitt.jpg\"><img loading=\"lazy\" decoding=\"async\" aria-describedby=\"caption-attachment-614\" class=\"size-medium wp-image-614\" src=\"http:\/\/www.ttc-halle.de\/wp-content\/uploads\/2014\/04\/Scannen0001Ausschnitt-300x289.jpg\" alt=\"Achim bei einem Vereinsvergn\u00fcgen\" width=\"300\" height=\"289\" srcset=\"https:\/\/www.ttc-halle.de\/wp-content\/uploads\/2014\/04\/Scannen0001Ausschnitt-300x289.jpg 300w, https:\/\/www.ttc-halle.de\/wp-content\/uploads\/2014\/04\/Scannen0001Ausschnitt.jpg 729w\" sizes=\"auto, (max-width: 300px) 100vw, 300px\" \/><\/a><p id=\"caption-attachment-614\" class=\"wp-caption-text\">Achim bei seinem 65. Geburtstag<\/p><\/div>\n<div id=\"attachment_615\" style=\"width: 310px\" class=\"wp-caption alignnone\"><a href=\"http:\/\/www.ttc-halle.de\/wp-content\/uploads\/2014\/04\/Scannen0003des.jpg\"><img loading=\"lazy\" decoding=\"async\" aria-describedby=\"caption-attachment-615\" class=\"size-medium wp-image-615\" src=\"http:\/\/www.ttc-halle.de\/wp-content\/uploads\/2014\/04\/Scannen0003des-300x199.jpg\" alt=\"Achim bei einem Vereinsvergn\u00fcgen\" width=\"300\" height=\"199\" srcset=\"https:\/\/www.ttc-halle.de\/wp-content\/uploads\/2014\/04\/Scannen0003des-300x199.jpg 300w, https:\/\/www.ttc-halle.de\/wp-content\/uploads\/2014\/04\/Scannen0003des-1024x682.jpg 1024w, https:\/\/www.ttc-halle.de\/wp-content\/uploads\/2014\/04\/Scannen0003des.jpg 1093w\" sizes=\"auto, (max-width: 300px) 100vw, 300px\" \/><\/a><p id=\"caption-attachment-615\" class=\"wp-caption-text\">Achim bei seinem 65. Geburtstag<\/p><\/div>\n<div id=\"attachment_628\" style=\"width: 309px\" class=\"wp-caption alignnone\"><a href=\"http:\/\/www.ttc-halle.de\/wp-content\/uploads\/2014\/04\/Reissmann3.jpg\"><img loading=\"lazy\" decoding=\"async\" aria-describedby=\"caption-attachment-628\" class=\" wp-image-628\" src=\"http:\/\/www.ttc-halle.de\/wp-content\/uploads\/2014\/04\/Reissmann3-212x300.jpg\" alt=\"machts gut...\" width=\"299\" height=\"422\" srcset=\"https:\/\/www.ttc-halle.de\/wp-content\/uploads\/2014\/04\/Reissmann3-212x300.jpg 212w, https:\/\/www.ttc-halle.de\/wp-content\/uploads\/2014\/04\/Reissmann3.jpg 520w\" sizes=\"auto, (max-width: 299px) 100vw, 299px\" \/><\/a><p id=\"caption-attachment-628\" class=\"wp-caption-text\">machts gut&#8230;<\/p><\/div>\n<p>&nbsp;<\/p>\n","protected":false},"excerpt":{"rendered":"<p>liebe Sportfreunde, in der Rundmail von Andreas habt ihr schon die traurige Nachricht erhalten, dass Joachim Rei\u00dfmann letzte Woche\u00a0 &#8211; kurz vor der Vollendung seines 90ten Lebensjahres &#8211; verstorben ist.<\/p>\n","protected":false},"author":6,"featured_media":0,"comment_status":"open","ping_status":"open","sticky":false,"template":"","format":"standard","meta":{"jetpack_post_was_ever_published":false,"_jetpack_newsletter_access":"","_jetpack_dont_email_post_to_subs":false,"_jetpack_newsletter_tier_id":0,"_jetpack_memberships_contains_paywalled_content":false,"_jetpack_memberships_contains_paid_content":false,"footnotes":"","jetpack_publicize_message":"","jetpack_publicize_feature_enabled":true,"jetpack_social_post_already_shared":false,"jetpack_social_options":{"image_generator_settings":{"template":"highway","default_image_id":0,"font":"","enabled":false},"version":2}},"categories":[1],"tags":[],"class_list":["post-607","post","type-post","status-publish","format-standard","hentry","category-allgemein"],"jetpack_publicize_connections":[],"jetpack_featured_media_url":"","jetpack_sharing_enabled":true,"jetpack_shortlink":"https:\/\/wp.me\/s7ABBA-607","_links":{"self":[{"href":"https:\/\/www.ttc-halle.de\/index.php?rest_route=\/wp\/v2\/posts\/607","targetHints":{"allow":["GET"]}}],"collection":[{"href":"https:\/\/www.ttc-halle.de\/index.php?rest_route=\/wp\/v2\/posts"}],"about":[{"href":"https:\/\/www.ttc-halle.de\/index.php?rest_route=\/wp\/v2\/types\/post"}],"author":[{"embeddable":true,"href":"https:\/\/www.ttc-halle.de\/index.php?rest_route=\/wp\/v2\/users\/6"}],"replies":[{"embeddable":true,"href":"https:\/\/www.ttc-halle.de\/index.php?rest_route=%2Fwp%2Fv2%2Fcomments&post=607"}],"version-history":[{"count":14,"href":"https:\/\/www.ttc-halle.de\/index.php?rest_route=\/wp\/v2\/posts\/607\/revisions"}],"predecessor-version":[{"id":674,"href":"https:\/\/www.ttc-halle.de\/index.php?rest_route=\/wp\/v2\/posts\/607\/revisions\/674"}],"wp:attachment":[{"href":"https:\/\/www.ttc-halle.de\/index.php?rest_route=%2Fwp%2Fv2%2Fmedia&parent=607"}],"wp:term":[{"taxonomy":"category","embeddable":true,"href":"https:\/\/www.ttc-halle.de\/index.php?rest_route=%2Fwp%2Fv2%2Fcategories&post=607"},{"taxonomy":"post_tag","embeddable":true,"href":"https:\/\/www.ttc-halle.de\/index.php?rest_route=%2Fwp%2Fv2%2Ftags&post=607"}],"curies":[{"name":"wp","href":"https:\/\/api.w.org\/{rel}","templated":true}]}}